{"id":5008,"date":"2016-11-28T08:48:01","date_gmt":"2016-11-28T10:48:01","guid":{"rendered":"http:\/\/escolinhacriarte.com.br\/site.disabled\/?p=5008"},"modified":"2016-11-28T08:48:01","modified_gmt":"2016-11-28T10:48:01","slug":"festa-de-natal","status":"publish","type":"post","link":"https:\/\/escolinhacriarte.com.br\/site\/avisos\/festa-de-natal\/","title":{"rendered":"Festa de Natal"},"content":{"rendered":"<p>N\u00e3o esque\u00e7a, nossa festa de natal ser\u00e1 dia 10\/12.<\/p>\n","protected":false},"excerpt":{"rendered":"<p>N\u00e3o esque\u00e7a, nossa festa de natal ser\u00e1 dia 10\/12.<\/p>\n","protected":false},"author":2,"featured_media":0,"comment_status":"closed","ping_status":"closed","sticky":false,"template":"","format":"standard","meta":{"footnotes":""},"categories":[18],"tags":[],"class_list":["post-5008","post","type-post","status-publish","format-standard","hentry","category-avisos"],"_links":{"self":[{"href":"https:\/\/escolinhacriarte.com.br\/site\/wp-json\/wp\/v2\/posts\/5008","targetHints":{"allow":["GET"]}}],"collection":[{"href":"https:\/\/escolinhacriarte.com.br\/site\/wp-json\/wp\/v2\/posts"}],"about":[{"href":"https:\/\/escolinhacriarte.com.br\/site\/wp-json\/wp\/v2\/types\/post"}],"author":[{"embeddable":true,"href":"https:\/\/escolinhacriarte.com.br\/site\/wp-json\/wp\/v2\/users\/2"}],"replies":[{"embeddable":true,"href":"https:\/\/escolinhacriarte.com.br\/site\/wp-json\/wp\/v2\/comments?post=5008"}],"version-history":[{"count":0,"href":"https:\/\/escolinhacriarte.com.br\/site\/wp-json\/wp\/v2\/posts\/5008\/revisions"}],"wp:attachment":[{"href":"https:\/\/escolinhacriarte.com.br\/site\/wp-json\/wp\/v2\/media?parent=5008"}],"wp:term":[{"taxonomy":"category","embeddable":true,"href":"https:\/\/escolinhacriarte.com.br\/site\/wp-json\/wp\/v2\/categories?post=5008"},{"taxonomy":"post_tag","embeddable":true,"href":"https:\/\/escolinhacriarte.com.br\/site\/wp-json\/wp\/v2\/tags?post=5008"}],"curies":[{"name":"wp","href":"https:\/\/api.w.org\/{rel}","templated":true}]}}