{"id":5035,"date":"2018-05-01T09:25:12","date_gmt":"2018-05-01T12:25:12","guid":{"rendered":"http:\/\/escolinhacriarte.com.br\/site.disabled\/?p=5035"},"modified":"2018-05-01T09:25:12","modified_gmt":"2018-05-01T12:25:12","slug":"feriado-de-pascoa","status":"publish","type":"post","link":"https:\/\/escolinhacriarte.com.br\/site\/avisos\/feriado-de-pascoa\/","title":{"rendered":"Dia das M\u00e3es"},"content":{"rendered":"<p>O dia das m\u00e3es ser\u00e1 no dia 11\/05\/18<\/p>\n","protected":false},"excerpt":{"rendered":"<p>O dia das m\u00e3es ser\u00e1 no dia 11\/05\/18<\/p>\n","protected":false},"author":2,"featured_media":0,"comment_status":"closed","ping_status":"closed","sticky":false,"template":"","format":"standard","meta":{"footnotes":""},"categories":[18],"tags":[],"class_list":["post-5035","post","type-post","status-publish","format-standard","hentry","category-avisos"],"_links":{"self":[{"href":"https:\/\/escolinhacriarte.com.br\/site\/wp-json\/wp\/v2\/posts\/5035","targetHints":{"allow":["GET"]}}],"collection":[{"href":"https:\/\/escolinhacriarte.com.br\/site\/wp-json\/wp\/v2\/posts"}],"about":[{"href":"https:\/\/escolinhacriarte.com.br\/site\/wp-json\/wp\/v2\/types\/post"}],"author":[{"embeddable":true,"href":"https:\/\/escolinhacriarte.com.br\/site\/wp-json\/wp\/v2\/users\/2"}],"replies":[{"embeddable":true,"href":"https:\/\/escolinhacriarte.com.br\/site\/wp-json\/wp\/v2\/comments?post=5035"}],"version-history":[{"count":0,"href":"https:\/\/escolinhacriarte.com.br\/site\/wp-json\/wp\/v2\/posts\/5035\/revisions"}],"wp:attachment":[{"href":"https:\/\/escolinhacriarte.com.br\/site\/wp-json\/wp\/v2\/media?parent=5035"}],"wp:term":[{"taxonomy":"category","embeddable":true,"href":"https:\/\/escolinhacriarte.com.br\/site\/wp-json\/wp\/v2\/categories?post=5035"},{"taxonomy":"post_tag","embeddable":true,"href":"https:\/\/escolinhacriarte.com.br\/site\/wp-json\/wp\/v2\/tags?post=5035"}],"curies":[{"name":"wp","href":"https:\/\/api.w.org\/{rel}","templated":true}]}}